{"id":1,"date":"2016-05-05T13:05:49","date_gmt":"2016-05-05T13:05:49","guid":{"rendered":"http:\/\/localhost\/wordpress-4.0.1\/wordpress\/?p=1"},"modified":"2020-04-29T10:17:18","modified_gmt":"2020-04-29T10:17:18","slug":"hello-world","status":"publish","type":"post","link":"https:\/\/www.mcreation.media\/?p=1","title":{"rendered":"Die Motorsportsaison nimmt weiter Fahrt auf"},"content":{"rendered":"<p>Nachdem die Formel 1 bereits 4 WM-L\u00e4ufe absolviert hat und wir f\u00fcr Sky Deutschland in Melbourne, Bahrain, China und in Russland Station gemacht haben, nimmt nun auch die DTM volle Fahrt auf. Am kommenden Wochenende steht der erste Lauf auf dem Hockenheimring auf dem Programm. Auch hier ist m:creation am Start.<\/p>\n<p>Bevor bei der DTM die Ampeln auf GR\u00dcN springen, noch ein Foto aus Sotchi, vom Gro\u00dfen Preis von Russland. F\u00fcr den Vorlauf der Livesendung auf Sky Sport 1 HD stand Sebastian Vettel f\u00fcr ein Exklusivinterview Rede und Antwort. Sky Deutschland Moderatorin Tanja Bauer empfing den vierfachen Weltmeister in der Boxengasse vor der Ferrari-Box.<\/p>\n<p style=\"text-align: center;\"><a href=\"http:\/\/wp1034084.server-he.de\/wp-content\/uploads\/2016\/05\/Interview-mit-Sebastian-Vettel-kl.jpg\"><img loading=\"lazy\" decoding=\"async\" class=\"alignnone wp-image-616 size-full\" src=\"http:\/\/wp1034084.server-he.de\/wp-content\/uploads\/2016\/05\/Interview-mit-Sebastian-Vettel-kl.jpg\" alt=\"Interview mit Sebastian Vettel kl\" width=\"960\" height=\"628\" srcset=\"https:\/\/www.mcreation.media\/wp-content\/uploads\/2016\/05\/Interview-mit-Sebastian-Vettel-kl.jpg 960w, https:\/\/www.mcreation.media\/wp-content\/uploads\/2016\/05\/Interview-mit-Sebastian-Vettel-kl-300x196.jpg 300w, https:\/\/www.mcreation.media\/wp-content\/uploads\/2016\/05\/Interview-mit-Sebastian-Vettel-kl-768x502.jpg 768w\" sizes=\"auto, (max-width: 960px) 100vw, 960px\" \/><\/a><\/p>\n<p>Beim DTM-Auftakt-Wochenende zwischen dem 6. und 8. Mai reiht sich ein H\u00f6hepunkt an den n\u00e4chsten. Ob auf oder neben der Strecke, Langeweile ist beim ersten Aufeinandertreffen der DTM-Piloten ein Fremdwort.\u00a0\u201eEs wird h\u00f6chste Zeit, dass es endlich wieder losgeht\u201c, spricht Mercedes-Benz-Pilot Christian Vietoris seinen 23 Fahrerkollegen aus dem Herzen. \u201eMir haben vor allem die Fans gefehlt. Und die sind in Hockenheim immer sehr zahlreich vertreten \u2013 die Atmosph\u00e4re dort ist einfach gro\u00dfartig\u201c, sagt der erfahrene BMW-Fahrer Bruno Spengler.<\/p>\n<p><strong>LAUT. NAH. DRAN.<\/strong><\/p>\n<p>Und Audi-Pilot Timo Scheider bringt es auf den Punkt: \u201eJetzt ist wieder DTM angesagt \u2013 Gott sei Dank!\u201c Zwischen dem 6. und 8. Mai hei\u00dft es auf dem Hockenheimring endlich wieder \u201eLet\u2019s go racing!\u201c \u2013 der mit gro\u00dfer Spannung und Vorfreude erwartete DTM-Auftakt steht kurz bevor.<\/p>\n<p>Der 4,547 Kilometer lange Kurs ist traditionell Schauplatz des ersten Kr\u00e4ftemessens des Jahres. Mit zwei fesselnden Qualifyings und Rennen der DTM, packenden Duellen in der FIA Rallycross Weltmeisterschaft, dem Audi Sport TT Cup und dem Porsche Carrera Cup Deutschland sowie einem abwechslungsreichen Rahmenprogramm neben der Strecke avanciert das erste DTM-Rennwochenende der Saison zu einem mitrei\u00dfenden Motorsport-Event der Extraklasse.<\/p>\n<p>Eintrittskarten f\u00fcr das Wochenende auf dem Hockenheimring sowie alle weiteren DTM-Rennen gibt es online unter <a href=\"http:\/\/www.dtm.com\/tickets\">www.dtm.com\/tickets<\/a>.<\/p>\n<p><strong>Die wichtigsten Zeiten im \u00dcberblick<\/strong><\/p>\n<p><b>Freitag, 6. Mai<\/b><\/p>\n<p>Ab 9:00 Uhr Trainings und teilweise Qualifyings von allen Serien<\/p>\n<p><b>Samstag, 7. Mai<\/b><\/p>\n<p>11:20 Uhr Freies Training DTM<\/p>\n<p>12:10 Uhr Start Audi Sport TT Cup Rennen 1<\/p>\n<p>13:05 Uhr Start Porsche Carrera Cup Deutschland Rennen 1<\/p>\n<p>13:50 Uhr Qualifying DTM f\u00fcr Rennen 1<\/p>\n<p>16:00 Uhr Start zum DTM Rennen 1 (40 Minuten)<\/p>\n<p>17:25 Uhr Qualifying Rallycross (bis 19:00 Uhr)<\/p>\n<p><b><a href=\"http:\/\/wp1034084.server-he.de\/wp-content\/uploads\/2016\/05\/DTM-Infopoint-HHR-2016-1024.jpg\"><img loading=\"lazy\" decoding=\"async\" class=\"alignnone size-medium wp-image-615\" src=\"http:\/\/wp1034084.server-he.de\/wp-content\/uploads\/2016\/05\/DTM-Infopoint-HHR-2016-1024-225x300.jpg\" alt=\"DTM Infopoint HHR 2016 1024\" width=\"225\" height=\"300\" srcset=\"https:\/\/www.mcreation.media\/wp-content\/uploads\/2016\/05\/DTM-Infopoint-HHR-2016-1024-225x300.jpg 225w, https:\/\/www.mcreation.media\/wp-content\/uploads\/2016\/05\/DTM-Infopoint-HHR-2016-1024-768x1024.jpg 768w, https:\/\/www.mcreation.media\/wp-content\/uploads\/2016\/05\/DTM-Infopoint-HHR-2016-1024.jpg 1024w\" sizes=\"auto, (max-width: 225px) 100vw, 225px\" \/><\/a><\/b><\/p>\n<p><b>Sonntag, 8. Mai<\/b><\/p>\n<p>9:10 Uhr Start Porsche Carrera Cup Deutschland Rennen 2<\/p>\n<p>10:30 Uhr Freies Training DTM<\/p>\n<p>11:10 Uhr Rallycross Semifinals und Finals<\/p>\n<p>12:30 Uhr Qualifying DTM f\u00fcr Rennen 2<\/p>\n<p>14:30 Uhr Start zum DTM Rennen 2<\/p>\n<p>16:20 Uhr Start Audi Sport TT Cup Rennen 2<\/p>\n<p>\u00a9 AnHe\/DM\/DTM Media<\/p>\n","protected":false},"excerpt":{"rendered":"<p>Nachdem die Formel 1 bereits 4 WM-L\u00e4ufe absolviert hat und wir f\u00fcr Sky Deutschland in Melbourne, Bahrain, China und in Russland Station gemacht haben, nimmt nun auch die DTM volle Fahrt auf. Am kommenden Wochenende steht der erste Lauf auf dem Hockenheimring auf dem Programm. Auch hier ist m:creation am Start. Bevor bei der DTM&hellip;<\/p>\n","protected":false},"author":2,"featured_media":619,"comment_status":"closed","ping_status":"open","sticky":false,"template":"","format":"standard","meta":{"footnotes":""},"categories":[1],"tags":[],"post_series":[],"class_list":["post-1","post","type-post","status-publish","format-standard","has-post-thumbnail","hentry","category-allgemein","entry","has-media"],"_links":{"self":[{"href":"https:\/\/www.mcreation.media\/index.php?rest_route=\/wp\/v2\/posts\/1","targetHints":{"allow":["GET"]}}],"collection":[{"href":"https:\/\/www.mcreation.media\/index.php?rest_route=\/wp\/v2\/posts"}],"about":[{"href":"https:\/\/www.mcreation.media\/index.php?rest_route=\/wp\/v2\/types\/post"}],"author":[{"embeddable":true,"href":"https:\/\/www.mcreation.media\/index.php?rest_route=\/wp\/v2\/users\/2"}],"replies":[{"embeddable":true,"href":"https:\/\/www.mcreation.media\/index.php?rest_route=%2Fwp%2Fv2%2Fcomments&post=1"}],"version-history":[{"count":14,"href":"https:\/\/www.mcreation.media\/index.php?rest_route=\/wp\/v2\/posts\/1\/revisions"}],"predecessor-version":[{"id":574,"href":"https:\/\/www.mcreation.media\/index.php?rest_route=\/wp\/v2\/posts\/1\/revisions\/574"}],"wp:featuredmedia":[{"embeddable":true,"href":"https:\/\/www.mcreation.media\/index.php?rest_route=\/wp\/v2\/media\/619"}],"wp:attachment":[{"href":"https:\/\/www.mcreation.media\/index.php?rest_route=%2Fwp%2Fv2%2Fmedia&parent=1"}],"wp:term":[{"taxonomy":"category","embeddable":true,"href":"https:\/\/www.mcreation.media\/index.php?rest_route=%2Fwp%2Fv2%2Fcategories&post=1"},{"taxonomy":"post_tag","embeddable":true,"href":"https:\/\/www.mcreation.media\/index.php?rest_route=%2Fwp%2Fv2%2Ftags&post=1"},{"taxonomy":"post_series","embeddable":true,"href":"https:\/\/www.mcreation.media\/index.php?rest_route=%2Fwp%2Fv2%2Fpost_series&post=1"}],"curies":[{"name":"wp","href":"https:\/\/api.w.org\/{rel}","templated":true}]}}