{"id":1134,"date":"2020-04-15T09:07:54","date_gmt":"2020-04-15T09:07:54","guid":{"rendered":"http:\/\/mcreation.media\/?p=1134"},"modified":"2020-04-15T10:35:16","modified_gmt":"2020-04-15T10:35:16","slug":"time-out-reden-hilft-immer","status":"publish","type":"post","link":"https:\/\/www.mcreation.media\/?p=1134","title":{"rendered":"TIME OUT \u2013 reden hilft immer"},"content":{"rendered":"<p>Auch in der zweiten Ausgabe von TIME OUT, dem Streamtalk, drehte sich, oh Wunder, alles um Corona. Besonders die freien Mitarbeiter und Soloselbstst\u00e4ndigen der Medienbranche werden seit Wochen vom Virus auf Eis gelegt. Sportveranstaltungen, Konzerte und fiktive Programminhalte stehen auf HOLD. Grund genug f\u00fcr Daniel M\u00fcller sich neue G\u00e4ste ins kleine Streamingstudio zu holen. J\u00fcrgen Schmitz, TV-Regisseur und Freiberufler, war dieses Mal live vor Ort und konnte, im Mindestabstand \ud83d\ude09 von seiner \u00fcberstandenen Coronaerkrankung sprechen. Via Skype zugeschaltet waren zudem Markus Verhall, Abteilungsleiter Programmdesign und Regie beim WDR, und Jochen Gro\u00df als Steuerfachmann.<\/p>\n<p>Wer gestern Abend die Runde verpasst hat, kann sich den Talk noch einmal als RE-Live ansehen. Um 2 Dinge vorweg zu nehmen: Es wird Zeit, dass der Ball wieder rollt. UND!! Alle Selbstst\u00e4ndigen, die 9.000,- Euro Soforthilfe erhalten haben, sollten erst einmal wirklich NUR die laufenden Betriebskosten damit decken und private Ausgaben aus R\u00fccklagen begleichen. Gl\u00fccklich, wer in der Vergangenheit soweit gedacht hat, bzw. \u00fcberhaupt die M\u00f6glichkeiten hatte, solch R\u00fccklage zu bilden. Auch f\u00fcr die Steuerfachleute seien laut Gro\u00df noch viele Fragen offen, die erst in der Zukunft von Bund und L\u00e4nder beantwortet werden m\u00fcssen. Bis dahin gilt es Selbst und St\u00e4ndig zu agieren, sich anzupassen und stets auf dem Laufenden zu halten.<\/p>\n<p><strong>Darlehnen f\u00fcr Kollegen<\/strong><br \/>\nGutes Tun und dar\u00fcber reden und berichten. In der momentanen Flut an Informationen kommen diese positiven Meldungen leider oft zu kurz und gehen unter. Wir m\u00f6chten an dieser Stelle aber den WDR mal besonders erw\u00e4hnen. Auch der \u00f6ffentlich rechtliche Sender der Herzen, hat Corona abseits der eigenen Berichterstattung im Fokus der internen Kommunikation. Und nat\u00fcrlich machen sich die Verantwortlichen Gedanken \u00fcber die Zukunft ihrer zahlreichen freien Mitarbeiter und Mitarbeiterinnen. &#8222;Wer bis zum 19. April von uns gebucht wurde, der bekommt seine Tagesgage, auch wenn die Produktion abgesagt wurde&#8220;, erkl\u00e4rte Verhall am Dienstagabend bei TIME OUT. &#8222;Zudem setzen wir nun auch vermehrt freie Mitarbeiter ein, um dadurch Entlastung f\u00fcr die Festangestellten zu bekommen.&#8220; Au\u00dferdem hat der WDR einen eigenen Hilfsfond mit einem Topf von aktuell 500.000,- Euro ins Leben gerufen. Dabei handelt es sich laut Verhall um ein zinsloses Darlehnen f\u00fcr Kollegen, die in die Virus-Schieflage geraten sind. &#8222;Innerhalb von 3 Jahren kann man das Darlehnen zur\u00fcckzahlen&#8220;, so Verhall weiter.<\/p>\n<p><a href=\"http:\/\/wp1034084.server-he.de\/wp-content\/uploads\/2020\/04\/Checkliste-Corona-Soforthilfe.png\"><img loading=\"lazy\" decoding=\"async\" class=\"alignleft wp-image-1142\" src=\"http:\/\/wp1034084.server-he.de\/wp-content\/uploads\/2020\/04\/Checkliste-Corona-Soforthilfe-214x300.png\" alt=\"Checkliste f\u00fcr Corona-Soforthilfe f\u00fcr Kleinsunternehmen und Soloselbst\u00e4ndige\" width=\"400\" height=\"561\" srcset=\"https:\/\/www.mcreation.media\/wp-content\/uploads\/2020\/04\/Checkliste-Corona-Soforthilfe-214x300.png 214w, https:\/\/www.mcreation.media\/wp-content\/uploads\/2020\/04\/Checkliste-Corona-Soforthilfe-730x1024.png 730w, https:\/\/www.mcreation.media\/wp-content\/uploads\/2020\/04\/Checkliste-Corona-Soforthilfe-768x1077.png 768w, https:\/\/www.mcreation.media\/wp-content\/uploads\/2020\/04\/Checkliste-Corona-Soforthilfe-1095x1536.png 1095w, https:\/\/www.mcreation.media\/wp-content\/uploads\/2020\/04\/Checkliste-Corona-Soforthilfe-1461x2048.png 1461w, https:\/\/www.mcreation.media\/wp-content\/uploads\/2020\/04\/Checkliste-Corona-Soforthilfe.png 1502w\" sizes=\"auto, (max-width: 400px) 100vw, 400px\" \/><\/a>Viele Selbstst\u00e4ndige d\u00fcrften und sollten sich mittlerweile \u00fcber die Soforthilfepakete in den verschiedenen Bundesl\u00e4nder informiert haben, um die n\u00e4chsten Wochen und Monate, bis die Produktionen wieder an- und hochfahren, zu &#8222;\u00fcberleben&#8220;. Trotzdem wollen wir euch noch einmal ein paar n\u00fctzliche Links an die Hand geben, auf denen diverse Informationen zu finden sind. Im Bild (Klick f\u00fcr Vergr\u00f6\u00dferung) links findet ihr eine Checkliste f\u00fcr Corona-Soforthilfe f\u00fcr Kleinstunternehmen und Soloselbst\u00e4ndige:<\/p>\n<p><a href=\"https:\/\/www.ihk-koeln.de\/Liquiditaetshilfen_fuer_von_der_Corona_Krise_betroffene_Unternehmen.AxCMS?fbclid=IwAR2oZ_GtdCPRhGV6w1R4KQNoiLaABj6yt2Tk_-ba57EikNZNLUNLmvK8LeY\" target=\"_blank\" rel=\"noopener noreferrer\">https:\/\/www.ihk-koeln.de\/Liquiditaetshilfen_fuer_von_der_Corona_Krise_betroffene_Unternehmen&#8230;&#8230;.<\/a><\/p>\n<p><a href=\"https:\/\/interaktiv.morgenpost.de\/corona-virus-karte-infektionen-deutschland-weltweit\/?fbclid=IwAR206pdybVYnfObyc0JC8YPMf6eKXKQeaNECZdUw89-h4rLtUxJWavVg6mc\" target=\"_blank\" rel=\"noopener noreferrer\">https:\/\/interaktiv.morgenpost.de\/corona-virus-karte-infektionen-deutschland-weltweit&#8230;..<\/a><\/p>\n<p><a href=\"https:\/\/www.auswaertiges-amt.de\/de\/ReiseUndSicherheit\/covid-19\/2296762?fbclid=IwAR2ciYi9qwL7NwDvyaXOaEs-_HHqQFC0YPt9m3iTtp4lC5xJFCoAw8igGRk\" target=\"_blank\" rel=\"noopener noreferrer\">https:\/\/www.auswaertiges-amt.de\/de\/ReiseUndSicherheit\/covid-19&#8230;&#8230;<\/a><\/p>\n<p><a href=\"https:\/\/www.e-recht24.de\/artikel\/arbeitsrecht\/11971-corona-alles-zu-krankschreibung-kurzarbeit-home-office.html?fbclid=IwAR1uTW-xisa6qnRsI42GaFGOhEd6gLGCr_jl4irbgUpysb32Xde3pkH-1sc\" target=\"_blank\" rel=\"noopener noreferrer\">https:\/\/www.e-recht24.de\/artikel\/arbeitsrecht\/11971-corona-alles-zu-krankschreibung-kurzarbeit-home-office&#8230;..<\/a><\/p>\n<p><a href=\"https:\/\/www.kfw.de\/KfW-Konzern\/Newsroom\/Aktuelles\/KfW-Corona-Hilfe-Unternehmen.html?fbclid=IwAR0CX8Hn6OIcVKwHjlYHLx5BfigCEtGdgtOUfOE2UNNopkiy6LPg4I6rITA\" target=\"_blank\" rel=\"noopener noreferrer\">https:\/\/www.kfw.de\/KfW-Konzern\/Newsroom\/Aktuelles\/KfW-Corona-Hilfe-Unternehmen&#8230;&#8230;..<\/a><\/p>\n<p><a href=\"https:\/\/www.arbeitsagentur.de\/corona-faq-grundsicherung?fbclid=IwAR2yqIPyKlMUxRd-XenoACc_0lr8_WvJhGLHQbGaD4IFm2sSxJdOXFFt9pY\" target=\"_blank\" rel=\"noopener noreferrer\">https:\/\/www.arbeitsagentur.de\/corona-faq-grundsicherung&#8230;.<\/a><\/p>\n<p><a href=\"https:\/\/selbststaendige.verdi.de\/beratung\/corona-infopool?fbclid=IwAR2oZ_GtdCPRhGV6w1R4KQNoiLaABj6yt2Tk_-ba57EikNZNLUNLmvK8LeY\" target=\"_blank\" rel=\"noopener noreferrer\">https:\/\/selbststaendige.verdi.de&#8230;.<\/a><\/p>\n<p><a href=\"https:\/\/meedia.de\/2020\/03\/27\/freischaffende-in-der-corona-krise-diese-soforthilfen-koennen-sie-in-ihrem-bundesland-beantragen\/?fbclid=IwAR0UhRnqJw0AWPJ5tLsuLdbuwGmvlwcJuMRlZJDO0vZpA3JkCkYdJ0dT_2Y\" target=\"_blank\" rel=\"noopener noreferrer\">Meedia: Diese Soforthilfen k\u00f6nnen&#8230;&#8230;<\/a><\/p>\n<p><a href=\"http:\/\/wp1034084.server-he.de\/wp-content\/uploads\/2020\/04\/Liquidit\u00e4tsplan.xlsx\" target=\"_blank\" rel=\"noopener noreferrer\">Liquidit\u00e4tsplan als Excel-Liste<\/a><\/p>\n<p><a href=\"http:\/\/wp1034084.server-he.de\/wp-content\/uploads\/2020\/04\/Checkliste-Soforthilfe.xlsx\" target=\"_blank\" rel=\"noopener noreferrer\">Checkliste Soforthilfe als Excel-Liste<\/a><\/p>\n<p>Euer Team von m:creation<\/p>\n<p>&nbsp;<\/p>\n<p><span class=\"wpex-responsive-media\"><iframe loading=\"lazy\" title=\"TimeOut - Das Gespr\u00e4ch (Folge 2) - ReLive\" width=\"980\" height=\"551\" src=\"https:\/\/www.youtube.com\/embed\/5qh5-oTCaRo?feature=oembed\"  allow=\"accelerometer; autoplay; encrypted-media; gyroscope; picture-in-picture\" allowfullscreen><\/iframe><\/span><\/p>\n","protected":false},"excerpt":{"rendered":"<p>Auch in der zweiten Ausgabe von TIME OUT, dem Streamtalk, drehte sich, oh Wunder, alles um Corona. Besonders die freien Mitarbeiter und Soloselbstst\u00e4ndigen der Medienbranche werden seit Wochen vom Virus auf Eis gelegt. Sportveranstaltungen, Konzerte und fiktive Programminhalte stehen auf HOLD. Grund genug f\u00fcr Daniel M\u00fcller sich neue G\u00e4ste ins kleine Streamingstudio zu holen. J\u00fcrgen&hellip;<\/p>\n","protected":false},"author":2,"featured_media":1136,"comment_status":"closed","ping_status":"open","sticky":false,"template":"","format":"standard","meta":{"footnotes":""},"categories":[1],"tags":[],"post_series":[],"class_list":["post-1134","post","type-post","status-publish","format-standard","has-post-thumbnail","hentry","category-allgemein","entry","has-media"],"_links":{"self":[{"href":"https:\/\/www.mcreation.media\/index.php?rest_route=\/wp\/v2\/posts\/1134","targetHints":{"allow":["GET"]}}],"collection":[{"href":"https:\/\/www.mcreation.media\/index.php?rest_route=\/wp\/v2\/posts"}],"about":[{"href":"https:\/\/www.mcreation.media\/index.php?rest_route=\/wp\/v2\/types\/post"}],"author":[{"embeddable":true,"href":"https:\/\/www.mcreation.media\/index.php?rest_route=\/wp\/v2\/users\/2"}],"replies":[{"embeddable":true,"href":"https:\/\/www.mcreation.media\/index.php?rest_route=%2Fwp%2Fv2%2Fcomments&post=1134"}],"version-history":[{"count":8,"href":"https:\/\/www.mcreation.media\/index.php?rest_route=\/wp\/v2\/posts\/1134\/revisions"}],"predecessor-version":[{"id":1148,"href":"https:\/\/www.mcreation.media\/index.php?rest_route=\/wp\/v2\/posts\/1134\/revisions\/1148"}],"wp:featuredmedia":[{"embeddable":true,"href":"https:\/\/www.mcreation.media\/index.php?rest_route=\/wp\/v2\/media\/1136"}],"wp:attachment":[{"href":"https:\/\/www.mcreation.media\/index.php?rest_route=%2Fwp%2Fv2%2Fmedia&parent=1134"}],"wp:term":[{"taxonomy":"category","embeddable":true,"href":"https:\/\/www.mcreation.media\/index.php?rest_route=%2Fwp%2Fv2%2Fcategories&post=1134"},{"taxonomy":"post_tag","embeddable":true,"href":"https:\/\/www.mcreation.media\/index.php?rest_route=%2Fwp%2Fv2%2Ftags&post=1134"},{"taxonomy":"post_series","embeddable":true,"href":"https:\/\/www.mcreation.media\/index.php?rest_route=%2Fwp%2Fv2%2Fpost_series&post=1134"}],"curies":[{"name":"wp","href":"https:\/\/api.w.org\/{rel}","templated":true}]}}