{"id":1157,"date":"2020-04-29T10:15:41","date_gmt":"2020-04-29T10:15:41","guid":{"rendered":"http:\/\/mcreation.media\/?p=1157"},"modified":"2020-05-06T11:40:31","modified_gmt":"2020-05-06T11:40:31","slug":"time-out-ueber-oesterreich-aufs-rad","status":"publish","type":"post","link":"https:\/\/www.mcreation.media\/?p=1157","title":{"rendered":"TIME Out &#8211; \u00dcber \u00d6sterreich aufs Rad"},"content":{"rendered":"<p>Die dritte Folge &#8222;Time Out &#8211; Das Gespr\u00e4ch&#8220; ist gelaufen und wir m\u00fcssen sagen, dass es mehr und mehr Spa\u00df macht. Logischerweise w\u00fcrden Daniel und J\u00fcrgen wieder viel lieber hinter der Kamera die Kn\u00f6pfe dr\u00fccken, aber es bleibt dabei: Besondere Situationen, ben\u00f6tigen besondere Ma\u00dfnahmen. Zumal bleibt ihnen nichts anderes \u00fcbrig, als vor die Kamera zu gehen &#8211; Roland und Andr\u00e9 haben eine eher unterdurchschnittliche Motivation durch den Lifestream zu f\u00fchren \ud83d\ude42<\/p>\n<p>Okay, nicht wieder abschweifen. Folge 3 lohnt sich ganz besonders, sie sich im Re-Live noch einmal anzuschauen. Wir hatten mit\u00a0Michael K\u00f6gler, Chefregisseur vom ORF, und Andr\u00e9 Greipel, Radprofi, u.a. Etappensieger beim Giro und der Tour de France, 2 super G\u00e4ste. Mit ihnen haben wir \u00fcber\u00a0Sport, Fitness und Medien in Zeiten von&#8230;&#8230;.Trommelwirbel&#8230;..CORONA gesprochen. Und, falls jemand noch eine gute Bezeichnung, bzw. Beschreibung f\u00fcr &#8222;vollen Einsatz&#8220; sucht, der m\u00f6ge sich den Part \u00fcber die Arbeitsbedingungen beim ORF in \u00d6sterreich einmal anschauen. Respekt, Hut ab, liebe Kollegen.<\/p>\n<p>Okay, es reicht von der schreibenden Zunft, ab zum Video:<\/p>\n<p><span class=\"wpex-responsive-media\"><iframe loading=\"lazy\" title=\"Time Out - Das Gespr\u00e4ch (Folge3)\" width=\"980\" height=\"551\" src=\"https:\/\/www.youtube.com\/embed\/y7TOXwO0Omk?feature=oembed\"  allow=\"accelerometer; autoplay; encrypted-media; gyroscope; picture-in-picture\" allowfullscreen><\/iframe><\/span><\/p>\n","protected":false},"excerpt":{"rendered":"<p>Die dritte Folge &#8222;Time Out &#8211; Das Gespr\u00e4ch&#8220; ist gelaufen und wir m\u00fcssen sagen, dass es mehr und mehr Spa\u00df macht. Logischerweise w\u00fcrden Daniel und J\u00fcrgen wieder viel lieber hinter der Kamera die Kn\u00f6pfe dr\u00fccken, aber es bleibt dabei: Besondere Situationen, ben\u00f6tigen besondere Ma\u00dfnahmen. Zumal bleibt ihnen nichts anderes \u00fcbrig, als vor die Kamera zu&hellip;<\/p>\n","protected":false},"author":2,"featured_media":1156,"comment_status":"closed","ping_status":"open","sticky":false,"template":"","format":"standard","meta":{"footnotes":""},"categories":[1],"tags":[],"post_series":[],"class_list":["post-1157","post","type-post","status-publish","format-standard","has-post-thumbnail","hentry","category-allgemein","entry","has-media"],"_links":{"self":[{"href":"https:\/\/www.mcreation.media\/index.php?rest_route=\/wp\/v2\/posts\/1157","targetHints":{"allow":["GET"]}}],"collection":[{"href":"https:\/\/www.mcreation.media\/index.php?rest_route=\/wp\/v2\/posts"}],"about":[{"href":"https:\/\/www.mcreation.media\/index.php?rest_route=\/wp\/v2\/types\/post"}],"author":[{"embeddable":true,"href":"https:\/\/www.mcreation.media\/index.php?rest_route=\/wp\/v2\/users\/2"}],"replies":[{"embeddable":true,"href":"https:\/\/www.mcreation.media\/index.php?rest_route=%2Fwp%2Fv2%2Fcomments&post=1157"}],"version-history":[{"count":2,"href":"https:\/\/www.mcreation.media\/index.php?rest_route=\/wp\/v2\/posts\/1157\/revisions"}],"predecessor-version":[{"id":1161,"href":"https:\/\/www.mcreation.media\/index.php?rest_route=\/wp\/v2\/posts\/1157\/revisions\/1161"}],"wp:featuredmedia":[{"embeddable":true,"href":"https:\/\/www.mcreation.media\/index.php?rest_route=\/wp\/v2\/media\/1156"}],"wp:attachment":[{"href":"https:\/\/www.mcreation.media\/index.php?rest_route=%2Fwp%2Fv2%2Fmedia&parent=1157"}],"wp:term":[{"taxonomy":"category","embeddable":true,"href":"https:\/\/www.mcreation.media\/index.php?rest_route=%2Fwp%2Fv2%2Fcategories&post=1157"},{"taxonomy":"post_tag","embeddable":true,"href":"https:\/\/www.mcreation.media\/index.php?rest_route=%2Fwp%2Fv2%2Ftags&post=1157"},{"taxonomy":"post_series","embeddable":true,"href":"https:\/\/www.mcreation.media\/index.php?rest_route=%2Fwp%2Fv2%2Fpost_series&post=1157"}],"curies":[{"name":"wp","href":"https:\/\/api.w.org\/{rel}","templated":true}]}}