{"id":1198,"date":"2020-07-02T09:08:24","date_gmt":"2020-07-02T09:08:24","guid":{"rendered":"http:\/\/mcreation.media\/?p=1198"},"modified":"2020-07-02T09:10:22","modified_gmt":"2020-07-02T09:10:22","slug":"time-out-7-im-dschungel-der-tv-sport-rechte","status":"publish","type":"post","link":"https:\/\/www.mcreation.media\/?p=1198","title":{"rendered":"TIME OUT (7) &#8211; Im Dschungel der TV-Sport-Rechte"},"content":{"rendered":"<p>Nach einer kurzen Pause, unser &#8222;normaler&#8220; Arbeitsalltag fordert leider seine Rechte, war TIME OUT endlich wieder auf Sendung. Liebgewonnenes kann man ja durchaus schnell vermissen. Wir hoffen nat\u00fcrlich, dass es Euch auch so geht!?!?<\/p>\n<p>In der 7. Ausgabe durften wir wieder tolle Gespr\u00e4chspartner begr\u00fc\u00dfen. An dieser Stelle mal ein dickes DANKE an unseren bisherigen G\u00e4ste. Am letzten Dienstag, dieses Mal via FaceTime statt Skype, plauderten wir mit:<\/p>\n<p>&#8211; Karl Valks (Vice President Redaktion Sports-live, Sky Sport News HD und Digital &#8211; Sky Deutschland Fernsehen GmbH)<br \/>\n&#8211; Udo Ludwig (Head of Motorsport, Handball int., Boxen, Golf und Tennis &#8211; Sky Deutschland Fernsehen GmbH)<br \/>\n&#8211; Sascha Mohr (Durchgezappt! Der Medienblog)<\/p>\n<p>Die Themen Sportrechte, Fu\u00dfball und Formel 1 lagen auf der Hand. Dann ging J\u00fcrgen quasi aus dem Sattel und schwupps, Jan Ullrich r\u00fcckte in den Mittelpunkt. Doch so richtig wollte die Tour de France dann doch nicht ins rollen kommen, sprich das Interesse von Sky an einer zuk\u00fcnftigen \u00dcbertragung der Gro\u00dfen Schleife hielt sich arg bedeckt. Aber, das ist mal sicher: J\u00fcrgen wird weiter die Werbetrommel f\u00fcr &#8222;seine&#8220; Tour de France r\u00fchren. Ich glaube, wir m\u00fcssen f\u00fcr ihn mal Ulle als Gast einladen. Was meint ihr?<\/p>\n<p>\u00dcbrigens: Wenn ihr einen Themenwunsch habt, oder euch was auf dem Herzen liegt, dann immer her damit. Die Branche muss ja schlie\u00dflich zusammenhalten ;-). Mails gerne an info@mcreation.media<\/p>\n<p>Genug der Worte, Bild und Ton ab in unserem RE-Live der Folge 7:<\/p>\n<p><span class=\"wpex-responsive-media\"><iframe loading=\"lazy\" title=\"Time Out - Das Gespr\u00e4ch (Folge7) ReLive\" width=\"980\" height=\"551\" src=\"https:\/\/www.youtube.com\/embed\/SenR8uDx43s?feature=oembed\"  allow=\"accelerometer; autoplay; encrypted-media; gyroscope; picture-in-picture\" allowfullscreen><\/iframe><\/span><\/p>\n","protected":false},"excerpt":{"rendered":"<p>Nach einer kurzen Pause, unser &#8222;normaler&#8220; Arbeitsalltag fordert leider seine Rechte, war TIME OUT endlich wieder auf Sendung. Liebgewonnenes kann man ja durchaus schnell vermissen. Wir hoffen nat\u00fcrlich, dass es Euch auch so geht!?!? In der 7. Ausgabe durften wir wieder tolle Gespr\u00e4chspartner begr\u00fc\u00dfen. An dieser Stelle mal ein dickes DANKE an unseren bisherigen G\u00e4ste.&hellip;<\/p>\n","protected":false},"author":1,"featured_media":1197,"comment_status":"closed","ping_status":"open","sticky":false,"template":"","format":"standard","meta":{"footnotes":""},"categories":[1],"tags":[],"post_series":[],"class_list":["post-1198","post","type-post","status-publish","format-standard","has-post-thumbnail","hentry","category-allgemein","entry","has-media"],"_links":{"self":[{"href":"https:\/\/www.mcreation.media\/index.php?rest_route=\/wp\/v2\/posts\/1198","targetHints":{"allow":["GET"]}}],"collection":[{"href":"https:\/\/www.mcreation.media\/index.php?rest_route=\/wp\/v2\/posts"}],"about":[{"href":"https:\/\/www.mcreation.media\/index.php?rest_route=\/wp\/v2\/types\/post"}],"author":[{"embeddable":true,"href":"https:\/\/www.mcreation.media\/index.php?rest_route=\/wp\/v2\/users\/1"}],"replies":[{"embeddable":true,"href":"https:\/\/www.mcreation.media\/index.php?rest_route=%2Fwp%2Fv2%2Fcomments&post=1198"}],"version-history":[{"count":1,"href":"https:\/\/www.mcreation.media\/index.php?rest_route=\/wp\/v2\/posts\/1198\/revisions"}],"predecessor-version":[{"id":1199,"href":"https:\/\/www.mcreation.media\/index.php?rest_route=\/wp\/v2\/posts\/1198\/revisions\/1199"}],"wp:featuredmedia":[{"embeddable":true,"href":"https:\/\/www.mcreation.media\/index.php?rest_route=\/wp\/v2\/media\/1197"}],"wp:attachment":[{"href":"https:\/\/www.mcreation.media\/index.php?rest_route=%2Fwp%2Fv2%2Fmedia&parent=1198"}],"wp:term":[{"taxonomy":"category","embeddable":true,"href":"https:\/\/www.mcreation.media\/index.php?rest_route=%2Fwp%2Fv2%2Fcategories&post=1198"},{"taxonomy":"post_tag","embeddable":true,"href":"https:\/\/www.mcreation.media\/index.php?rest_route=%2Fwp%2Fv2%2Ftags&post=1198"},{"taxonomy":"post_series","embeddable":true,"href":"https:\/\/www.mcreation.media\/index.php?rest_route=%2Fwp%2Fv2%2Fpost_series&post=1198"}],"curies":[{"name":"wp","href":"https:\/\/api.w.org\/{rel}","templated":true}]}}