{"id":859,"date":"2017-05-06T10:14:23","date_gmt":"2017-05-06T10:14:23","guid":{"rendered":"http:\/\/mcreation.media\/?p=859"},"modified":"2018-04-26T14:07:06","modified_gmt":"2018-04-26T14:07:06","slug":"hennes-start-your-engine-auftakt-am-hhr","status":"publish","type":"post","link":"https:\/\/www.mcreation.media\/?p=859","title":{"rendered":"&#8222;Hennes, start your engine!&#8220; &#8211; Auftakt am HHR"},"content":{"rendered":"<p><a href=\"http:\/\/wp1034084.server-he.de\/wp-content\/uploads\/2017\/05\/HHR-Boxengasse-ARD-Lum.jpeg\"><img loading=\"lazy\" decoding=\"async\" class=\"wp-image-855 alignleft\" src=\"http:\/\/wp1034084.server-he.de\/wp-content\/uploads\/2017\/05\/HHR-Boxengasse-ARD-Lum.jpeg\" alt=\"\" width=\"299\" height=\"224\" \/><\/a>&#8222;Gentlemen, start your engines!&#8220; &#8211; Traditionell startet die DTM am Hockenheimring mit Vollgas in die neue Saison. Wir sind nat\u00fcrlich wieder mit an Bord. Genau wie bei der DTM gibt es auch f\u00fcr m:creation einige Ver\u00e4nderungen zum Auftakt der Saison 2017. Dabei spielt Porsche einen wichtigen Part.<\/p>\n<p>Da Daniel ja beim letzten Formel 1 Rennen endlich sein Versprechen eingel\u00f6st hat, und ich nach langem Warten noch mein Foto vom \u201eIceman\u201c bekommen habe, m\u00f6chte ich etwas Werbung f\u00fcr den FC machen. \ud83d\ude09<\/p>\n<p>Na ja, eigentlich, f\u00fcr Hennes. Denn der ber\u00fchmteste Gei\u00dfbock der Welt reist seit einigen Wochen mit m:creation um die Selbige. Unter #bockaroundtheworld k\u00f6nnt ihr \u00fcbrigens auf Instagram seine Reise verfolgen.<\/p>\n<p>&nbsp;<\/p>\n<p><strong>#bockaroundtheworld<br \/>\n<\/strong><strong><a href=\"http:\/\/wp1034084.server-he.de\/wp-content\/uploads\/2017\/05\/Hennes-Regie-Lum.jpeg\"><img loading=\"lazy\" decoding=\"async\" class=\" wp-image-854 alignright\" src=\"http:\/\/wp1034084.server-he.de\/wp-content\/uploads\/2017\/05\/Hennes-Regie-Lum.jpeg\" alt=\"\" width=\"299\" height=\"224\" \/><\/a><\/strong><\/p>\n<p>Nat\u00fcrlich ist er auch am Hockenheimring am Start und leistet Daniel an seinem neuen Arbeitsplatz Gesellschaft. Denn in dieser Saison wird die Boxengasse gegen den Platz im \u00dc-Wagen getauscht.\u00a0Beim Porsche Carrera Cup ist m:creation im Wechsel f\u00fcr die Regie f\u00fcr Sport 1 und dem International Feed verantwortlich. Hinzu kommen noch Subregie f\u00fcr die DTM und die Formel 3 Euroserie. In den Rennen, wo der Porsche Carrera Cup nicht im Rahmen der DTM f\u00e4hrt, fangen wir wieder Live-Bilder aus der Boxengasse ein.<\/p>\n<p>Es bleibt also weiter ein spannendes und abwechslungsreiches Jahr 2017 f\u00fcr uns. Spannend und aufregend soll auch die neue DTM-Saison werden. Zum Auftakt der DTM vom 5. bis 7. Mai wartet die popul\u00e4re Tourenwagenserie mit einer Vielzahl an Neuerungen auf. Die Saison 2017 verspricht besonders zu werden \u2013 in vielerlei Hinsicht: Schnellere Rennfahrzeuge, eine neue Aerodynamik, neue Reifen, zwei gleichlange Rennen, Punkte f\u00fcr die ersten Drei des Qualifyings, mehr Fan-N\u00e4he als jemals zuvor. Die DTM macht sich fit f\u00fcr die Zukunft.<\/p>\n<p>&nbsp;<\/p>\n<div id=\"gallery-1\" class=\"wpex-gallery wpex-grid wpex-grid-cols-2 wpex-gap-20 wpex-lightbox-group\"><figure class=\"gallery-item\"><a href=\"https:\/\/www.mcreation.media\/wp-content\/uploads\/2017\/05\/Regie-DTM-1-Lum.jpeg\" class=\"wpex-lightbox-group-item\"><img loading=\"lazy\" decoding=\"async\" src=\"https:\/\/www.mcreation.media\/wp-content\/uploads\/2017\/05\/Regie-DTM-1-Lum.jpeg\" alt=\"\" width=\"1024\" height=\"768\"><\/a><\/figure><figure class=\"gallery-item\"><a href=\"https:\/\/www.mcreation.media\/wp-content\/uploads\/2017\/05\/Kn\u00f6pfe-Regie-Lum.jpeg\" class=\"wpex-lightbox-group-item\"><img loading=\"lazy\" decoding=\"async\" src=\"https:\/\/www.mcreation.media\/wp-content\/uploads\/2017\/05\/Kn\u00f6pfe-Regie-Lum.jpeg\" alt=\"\" width=\"1024\" height=\"768\"><\/a><\/figure><figure class=\"gallery-item\"><a href=\"https:\/\/www.mcreation.media\/wp-content\/uploads\/2017\/05\/HHR-Boxengasse-ARD-Lum.jpeg\" class=\"wpex-lightbox-group-item\"><img loading=\"lazy\" decoding=\"async\" src=\"https:\/\/www.mcreation.media\/wp-content\/uploads\/2017\/05\/HHR-Boxengasse-ARD-Lum.jpeg\" alt=\"\" width=\"1024\" height=\"768\"><\/a><\/figure><figure class=\"gallery-item\"><a href=\"https:\/\/www.mcreation.media\/wp-content\/uploads\/2017\/05\/Hennes-Regie-Lum.jpeg\" class=\"wpex-lightbox-group-item\"><img loading=\"lazy\" decoding=\"async\" src=\"https:\/\/www.mcreation.media\/wp-content\/uploads\/2017\/05\/Hennes-Regie-Lum.jpeg\" alt=\"\" width=\"1024\" height=\"767\"><\/a><\/figure><figure class=\"gallery-item\"><a href=\"https:\/\/www.mcreation.media\/wp-content\/uploads\/2017\/05\/HD-One-Lum.jpeg\" class=\"wpex-lightbox-group-item\"><img loading=\"lazy\" decoding=\"async\" src=\"https:\/\/www.mcreation.media\/wp-content\/uploads\/2017\/05\/HD-One-Lum.jpeg\" alt=\"\" width=\"1024\" height=\"768\"><\/a><\/figure><figure class=\"gallery-item\"><a href=\"https:\/\/www.mcreation.media\/wp-content\/uploads\/2017\/05\/Box-Glock-Lum.jpeg\" class=\"wpex-lightbox-group-item\"><img loading=\"lazy\" decoding=\"async\" src=\"https:\/\/www.mcreation.media\/wp-content\/uploads\/2017\/05\/Box-Glock-Lum.jpeg\" alt=\"\" width=\"1024\" height=\"768\"><\/a><\/figure><figure class=\"gallery-item\"><a href=\"https:\/\/www.mcreation.media\/wp-content\/uploads\/2017\/05\/Box-DTM-Lum.jpeg\" class=\"wpex-lightbox-group-item\"><img loading=\"lazy\" decoding=\"async\" src=\"https:\/\/www.mcreation.media\/wp-content\/uploads\/2017\/05\/Box-DTM-Lum.jpeg\" alt=\"\" width=\"1024\" height=\"768\"><\/a><\/figure><figure class=\"gallery-item\"><a href=\"https:\/\/www.mcreation.media\/wp-content\/uploads\/2017\/05\/Redie-DTM-Lum.jpeg\" class=\"wpex-lightbox-group-item\"><img loading=\"lazy\" decoding=\"async\" src=\"https:\/\/www.mcreation.media\/wp-content\/uploads\/2017\/05\/Redie-DTM-Lum.jpeg\" alt=\"\" width=\"1024\" height=\"768\"><\/a><\/figure><\/div>\n\n<p>Die Zuschauer und Fans d\u00fcrfen sich auf noch mehr Spannung und packenden Rennsport freuen, denn in der neuen Saison sind beide Rennen am Wochenende, am Samstag und Sonntag, mit jeweils 55 Minuten plus eine Runde, gleich lang. Die Zahl der Boxenstopps ist nicht beschr\u00e4nkt, der Zeitpunkt frei w\u00e4hlbar, daf\u00fcr sind aber nur noch zwei Schlagschrauber und acht Mechaniker pro Auto zugelassen. Das Ziel ist es, den Faktor Mensch in der DTM weiter in den Vordergrund zu r\u00fccken. Gerade diese Komponente fasziniert auch Mercedes-AMG-R\u00fcckkehrer Maro Engel, der darin einen noch h\u00e4rteren und engeren Wettbewerb sieht: \u201eIch freue mich auf die Riesen-Atmosph\u00e4re. In Hockenheim findet immer ein Motorsportfest statt. Das wird die schnellste DTM, die es je gab. In den letzten Jahren sind die Pr\u00e4zision und die Liebe zum Detail noch ausgepr\u00e4gter geworden. In der Breite ist die DTM vielleicht die h\u00e4rteste Meisterschaft weltweit.\u201c<\/p>\n<p><strong>Porsche Carrera Cup Deutschland &#8211; Neues Rennfahrzeug, gro\u00dfes Starterfeld und spannende Events<br \/>\n<\/strong>Der Porsche Carrera Cup Deutschland startet mit 25 neuen Porsche 911 GT3 Cup in die Saison 2017. Das 485 PS starke Rennfahrzeug, das im Oktober 2016 in Paris seine Weltpremiere feierte, sorgte f\u00fcr eine starke Nachfrage in Deutschlands \u00e4ltestem Markenpokal. Bereits nach den ersten Testfahrten in den vergangenen Tagen zeigten sich Fahrer und Teams begeistert \u00fcber den neuen Motor und die verbesserte Aerodynamik. Der Rennkalender mit 14 L\u00e4ufen im hochwertigen Umfeld der DTM und des ADAC GT Masters wurde um ein Zusatzevent im Rahmen der Sportwagen-Weltmeisterschaft (WEC) am N\u00fcrburgring (14. bis 16. Juli) erg\u00e4nzt. Der Porsche Carrera Cup Deutschland wird dort gemeinsam mit dem Porsche Sports Cup unter dem Titel \u201ePorsche Motorsport Race Weekend\u201c ausgetragen. Es werden zwar keine Meisterschaftspunkte vergeben, aber das Starterfeld mit mehr als 50 verschiedenen Porsche-Rennfahrzeugen verspricht jede Menge Action.<\/p>\n<p>\u201eWir sind sehr zufrieden mit der gro\u00dfen Resonanz und freuen uns \u00fcber alte und neue Carrera Cup Teams und viele ambitionierte Fahrer, sowohl aus dem Profi- als auch aus dem Amateurbereich. Ich blicke gespannt auf eine garantiert ereignisreiche Saison. Unser Einsatz im Rahmen der WEC wird sicherlich ein Highlight\u201c, sagt der neue Manager des Porsche Carrera Cup Deutschland Oliver K\u00f6ppen.<\/p>\n<p>Die Rennserie startet am ersten Mai-Wochenende in Hockenheim mit den L\u00e4ufen eins und zwei. Anschlie\u00dfend folgt das gemeinsame Event mit der DTM und dem ADAC GT Masters auf dem Lausitzring (19. bis 21. Mai). Auf der Berg-und-Tal-Strecke im \u00f6sterreichischen Spielberg werden im Rahmen des ADAC GT Masters die Meisterschaftsl\u00e4ufe f\u00fcnf und sechs ausgetragen. Der im Kontext der DTM stets ausverkaufte Norisring wird zur Kulisse der Rennen sieben und acht. Nach der Sommerpause geht es im September zum N\u00fcrburgring (DTM) und eine Woche sp\u00e4ter zum Sachsenring (ADAC GT Masters). Das Saisonfinale findet wie in den vergangenen Jahren gemeinsam mit der DTM auf dem Hockenheimring statt.<\/p>\n<p><span style=\"font-size: 12px;\"><em>Infos\/Fotos: Anhe, DM (aufgenommen im dem iPhone 6s) &#8211; Presse Porsche Motorsport, DTM Media<\/em><\/span><\/p>\n","protected":false},"excerpt":{"rendered":"<p>&#8222;Gentlemen, start your engines!&#8220; &#8211; Traditionell startet die DTM am Hockenheimring mit Vollgas in die neue Saison. Wir sind nat\u00fcrlich wieder mit an Bord. Genau wie bei der DTM gibt es auch f\u00fcr m:creation einige Ver\u00e4nderungen zum Auftakt der Saison 2017. Dabei spielt Porsche einen wichtigen Part. Da Daniel ja beim letzten Formel 1 Rennen&hellip;<\/p>\n","protected":false},"author":2,"featured_media":852,"comment_status":"closed","ping_status":"open","sticky":false,"template":"","format":"standard","meta":{"footnotes":""},"categories":[1],"tags":[],"post_series":[],"class_list":["post-859","post","type-post","status-publish","format-standard","has-post-thumbnail","hentry","category-allgemein","entry","has-media"],"_links":{"self":[{"href":"https:\/\/www.mcreation.media\/index.php?rest_route=\/wp\/v2\/posts\/859","targetHints":{"allow":["GET"]}}],"collection":[{"href":"https:\/\/www.mcreation.media\/index.php?rest_route=\/wp\/v2\/posts"}],"about":[{"href":"https:\/\/www.mcreation.media\/index.php?rest_route=\/wp\/v2\/types\/post"}],"author":[{"embeddable":true,"href":"https:\/\/www.mcreation.media\/index.php?rest_route=\/wp\/v2\/users\/2"}],"replies":[{"embeddable":true,"href":"https:\/\/www.mcreation.media\/index.php?rest_route=%2Fwp%2Fv2%2Fcomments&post=859"}],"version-history":[{"count":17,"href":"https:\/\/www.mcreation.media\/index.php?rest_route=\/wp\/v2\/posts\/859\/revisions"}],"predecessor-version":[{"id":876,"href":"https:\/\/www.mcreation.media\/index.php?rest_route=\/wp\/v2\/posts\/859\/revisions\/876"}],"wp:featuredmedia":[{"embeddable":true,"href":"https:\/\/www.mcreation.media\/index.php?rest_route=\/wp\/v2\/media\/852"}],"wp:attachment":[{"href":"https:\/\/www.mcreation.media\/index.php?rest_route=%2Fwp%2Fv2%2Fmedia&parent=859"}],"wp:term":[{"taxonomy":"category","embeddable":true,"href":"https:\/\/www.mcreation.media\/index.php?rest_route=%2Fwp%2Fv2%2Fcategories&post=859"},{"taxonomy":"post_tag","embeddable":true,"href":"https:\/\/www.mcreation.media\/index.php?rest_route=%2Fwp%2Fv2%2Ftags&post=859"},{"taxonomy":"post_series","embeddable":true,"href":"https:\/\/www.mcreation.media\/index.php?rest_route=%2Fwp%2Fv2%2Fpost_series&post=859"}],"curies":[{"name":"wp","href":"https:\/\/api.w.org\/{rel}","templated":true}]}}